{"id":525,"date":"2026-06-25T15:06:42","date_gmt":"2026-06-25T18:06:42","guid":{"rendered":"https:\/\/humanismo.ufrrj.br\/?p=525"},"modified":"2026-06-25T15:10:01","modified_gmt":"2026-06-25T18:10:01","slug":"neuvieme-edition","status":"publish","type":"post","link":"https:\/\/humanismo.ufrrj.br\/?p=525&lang=fr","title":{"rendered":"Neuvi\u00e8me \u00e9dition"},"content":{"rendered":"<p>Nous avons le plaisir de vous inviter au Colloque international \u00ab Philosophie et Histoire : Enjeux du XVIIIe si\u00e8cle \u00bb, qui se tiendra le 29 mai 2026 \u00e0 14h00 au CEA-UFRRJ.<\/p>\n<p>Ce colloque s&#8217;inscrit dans le cadre des activit\u00e9s de l&#8217;Association br\u00e9silienne d&#8217;\u00e9tudes du XVIIIe si\u00e8cle (ABES-18) et se d\u00e9roulera en collaboration avec des membres de la Soci\u00e9t\u00e9 internationale d&#8217;\u00e9tudes du XVIIIe si\u00e8cle (ISECS \/ SIEDS).<\/p>\n<p>\u00c0 cette occasion, nous aurons le plaisir d&#8217;accueillir :<\/p>\n<p>Christophe Martin, professeur titulaire de litt\u00e9rature fran\u00e7aise du XVIIIe si\u00e8cle \u00e0 Sorbonne Universit\u00e9, qui pr\u00e9sentera une conf\u00e9rence intitul\u00e9e \u00ab Usurpation et imposture : l&#8217;arch\u00e9ologie de l&#8217;appropriation de Pascal \u00e0 Rousseau \u00bb.<\/p>\n<p>H\u00e9l\u00e8ne Cussac, professeure \u00e9m\u00e9rite de l&#8217;Universit\u00e9 Toulouse \u2013 Jean Jaur\u00e8s, qui donnera une conf\u00e9rence intitul\u00e9e \u00ab La confrontation du voyageur europ\u00e9en des XVIIe et XIIIe si\u00e8cles \u00bb.<\/p>\n<p>Penelope Corfield, professeure \u00e9m\u00e9rite de l&#8217;Universit\u00e9 de Londres, qui pr\u00e9sentera une conf\u00e9rence intitul\u00e9e \u00ab La diffusion sociale de la poign\u00e9e de main \u00e9galitaire dans l&#8217;Europe urbaine et commerciale, 1700-1850 \u00bb.<\/p>\n<p>Cet \u00e9v\u00e9nement est organis\u00e9 et anim\u00e9 par le professeur Danilo Bilate de l&#8217;\u00c9cole Doctorale en philosophie (PPGFIL-UFRRJ).<\/p>\n<p>Le CEA-UFRRJ se situe Av. Pres. Vargas, 417, 13e \u00e9tage, Centro, Rio de Janeiro.<\/p>\n<p>Des certificats seront remis aux participants. Aucune inscription pr\u00e9alable n&#8217;est requise.<\/p>\n","protected":false},"excerpt":{"rendered":"<p>Nous avons le plaisir de vous inviter au Colloque international \u00ab Philosophie et Histoire : Enjeux du XVIIIe si\u00e8cle \u00bb, qui se tiendra le 29 mai 2026 \u00e0 14h00 au CEA-UFRRJ. Ce colloque s&#8217;inscrit dans le cadre des activit\u00e9s de l&#8217;Association br\u00e9silienne d&#8217;\u00e9tudes du XVIIIe&nbsp;<a class=\"read-more\" href=\"https:\/\/humanismo.ufrrj.br\/?p=525&#038;lang=fr\">&hellip;<\/a><\/p>\n","protected":false},"author":1,"featured_media":522,"comment_status":"closed","ping_status":"closed","sticky":false,"template":"","format":"standard","meta":{"footnotes":""},"categories":[30],"tags":[],"class_list":["post-525","post","type-post","status-publish","format-standard","has-post-thumbnail","hentry","category-sem-categoria-fr"],"_links":{"self":[{"href":"https:\/\/humanismo.ufrrj.br\/index.php?rest_route=\/wp\/v2\/posts\/525","targetHints":{"allow":["GET"]}}],"collection":[{"href":"https:\/\/humanismo.ufrrj.br\/index.php?rest_route=\/wp\/v2\/posts"}],"about":[{"href":"https:\/\/humanismo.ufrrj.br\/index.php?rest_route=\/wp\/v2\/types\/post"}],"author":[{"embeddable":true,"href":"https:\/\/humanismo.ufrrj.br\/index.php?rest_route=\/wp\/v2\/users\/1"}],"replies":[{"embeddable":true,"href":"https:\/\/humanismo.ufrrj.br\/index.php?rest_route=%2Fwp%2Fv2%2Fcomments&post=525"}],"version-history":[{"count":2,"href":"https:\/\/humanismo.ufrrj.br\/index.php?rest_route=\/wp\/v2\/posts\/525\/revisions"}],"predecessor-version":[{"id":527,"href":"https:\/\/humanismo.ufrrj.br\/index.php?rest_route=\/wp\/v2\/posts\/525\/revisions\/527"}],"wp:featuredmedia":[{"embeddable":true,"href":"https:\/\/humanismo.ufrrj.br\/index.php?rest_route=\/wp\/v2\/media\/522"}],"wp:attachment":[{"href":"https:\/\/humanismo.ufrrj.br\/index.php?rest_route=%2Fwp%2Fv2%2Fmedia&parent=525"}],"wp:term":[{"taxonomy":"category","embeddable":true,"href":"https:\/\/humanismo.ufrrj.br\/index.php?rest_route=%2Fwp%2Fv2%2Fcategories&post=525"},{"taxonomy":"post_tag","embeddable":true,"href":"https:\/\/humanismo.ufrrj.br\/index.php?rest_route=%2Fwp%2Fv2%2Ftags&post=525"}],"curies":[{"name":"wp","href":"https:\/\/api.w.org\/{rel}","templated":true}]}}