{"id":510,"date":"2026-06-25T14:53:55","date_gmt":"2026-06-25T17:53:55","guid":{"rendered":"https:\/\/humanismo.ufrrj.br\/?p=510"},"modified":"2026-06-25T15:06:05","modified_gmt":"2026-06-25T18:06:05","slug":"seminario-edicao-9","status":"publish","type":"post","link":"https:\/\/humanismo.ufrrj.br\/?p=510","title":{"rendered":"9\u00aa edi\u00e7\u00e3o"},"content":{"rendered":"<p>Temos o prazer de convid\u00e1-los para o Col\u00f3quio Internacional \u201cFilosofia e Hist\u00f3ria: Quest\u00f5es do S\u00e9culo XVIII\u201d, que ocorrer\u00e1 dia 29 de maio de 2026 \u00e0s 14h no CEA-UFRRJ. <\/p>\n<p>O Col\u00f3quio se insere nas atividades da Associa\u00e7\u00e3o Brasileira de Estudos do S\u00e9culo XVIII (ABES-18) com a participa\u00e7\u00e3o de colegas da International Society for Eighteenth-Century Studies (ISECS) \/ Soci\u00e9t\u00e9 Internationale d\u2019\u00c9tudes du Dix-Huiti\u00e8me Si\u00e8cle (SIEDS)<\/p>\n<p>Nessa ocasi\u00e3o, teremos as palestras de: <\/p>\n<p>Christophe Martin, Professor Titular de literatura francesa do s\u00e9culo XVIII na Sorbonne Universit\u00e9, que apresentar\u00e1 a palestra com o t\u00edtulo \u201cUsurpation et imposture: l\u2019arch\u00e9ologie de l\u2019appropriation de Pascal \u00e0 Rousseau\u201d (Usurpa\u00e7\u00e3o e impostura: a arqueologia da apropria\u00e7\u00e3o de Pascal a Rousseau)<\/p>\n<p>H\u00e9l\u00e8ne Cussac, Professora Aposentada pela Universit\u00e9 Toulouse \u2013 Jean Jaur\u00e8s, que apresentar\u00e1 a palestra \u201cLa confrontation du voyageur europ\u00e9en des XVIIe et XIIIe si\u00e8cles aux saveurs gustatives de l\u2019Afrique subsaharienne\u201d (A confronta\u00e7\u00e3o do viajante europeu dos s\u00e9culos XVII e XVIII com os sabores gustativos da \u00c1frica subsaariana)<\/p>\n<p>Penelope Corfield, Professora Em\u00e9rita da University of London, que apresentar\u00e1 a palestra \u201cThe social spread of the egalitarian handshake in urban \/ comercial Europe, 1700-1850\u201d (A dissemina\u00e7\u00e3o social do aperto de m\u00e3os igualit\u00e1rio na Europa urbana \/ comercial, 1700-1850)<\/p>\n<p>A organiza\u00e7\u00e3o e media\u00e7\u00e3o \u00e9 do prof. Danilo Bilate do Programa de P\u00f3s-Gradua\u00e7\u00e3o em Filosofia (PPGFIL-UFRRJ).<\/p>\n<p>O CEA-UFRRJ fica localizado na Av. Pres. Vargas, 417, 13\u00ba andar, Centro, Rio de Janeiro.<\/p>\n<p>Haver\u00e1 emiss\u00e3o de certificados para ouvintes. N\u00e3o \u00e9 necess\u00e1ria inscri\u00e7\u00e3o pr\u00e9via.<\/p>\n","protected":false},"excerpt":{"rendered":"<p>Temos o prazer de convid\u00e1-los para o Col\u00f3quio Internacional \u201cFilosofia e Hist\u00f3ria: Quest\u00f5es do S\u00e9culo XVIII\u201d, que ocorrer\u00e1 dia 29 de maio de 2026 \u00e0s 14h no CEA-UFRRJ. O Col\u00f3quio se insere nas atividades da Associa\u00e7\u00e3o Brasileira de Estudos do S\u00e9culo XVIII (ABES-18) com a&nbsp;<a class=\"read-more\" href=\"https:\/\/humanismo.ufrrj.br\/?p=510\">&hellip;<\/a><\/p>\n","protected":false},"author":1,"featured_media":522,"comment_status":"closed","ping_status":"closed","sticky":false,"template":"","format":"standard","meta":{"footnotes":""},"categories":[1],"tags":[],"class_list":["post-510","post","type-post","status-publish","format-standard","has-post-thumbnail","hentry","category-sem-categoria"],"_links":{"self":[{"href":"https:\/\/humanismo.ufrrj.br\/index.php?rest_route=\/wp\/v2\/posts\/510","targetHints":{"allow":["GET"]}}],"collection":[{"href":"https:\/\/humanismo.ufrrj.br\/index.php?rest_route=\/wp\/v2\/posts"}],"about":[{"href":"https:\/\/humanismo.ufrrj.br\/index.php?rest_route=\/wp\/v2\/types\/post"}],"author":[{"embeddable":true,"href":"https:\/\/humanismo.ufrrj.br\/index.php?rest_route=\/wp\/v2\/users\/1"}],"replies":[{"embeddable":true,"href":"https:\/\/humanismo.ufrrj.br\/index.php?rest_route=%2Fwp%2Fv2%2Fcomments&post=510"}],"version-history":[{"count":5,"href":"https:\/\/humanismo.ufrrj.br\/index.php?rest_route=\/wp\/v2\/posts\/510\/revisions"}],"predecessor-version":[{"id":524,"href":"https:\/\/humanismo.ufrrj.br\/index.php?rest_route=\/wp\/v2\/posts\/510\/revisions\/524"}],"wp:featuredmedia":[{"embeddable":true,"href":"https:\/\/humanismo.ufrrj.br\/index.php?rest_route=\/wp\/v2\/media\/522"}],"wp:attachment":[{"href":"https:\/\/humanismo.ufrrj.br\/index.php?rest_route=%2Fwp%2Fv2%2Fmedia&parent=510"}],"wp:term":[{"taxonomy":"category","embeddable":true,"href":"https:\/\/humanismo.ufrrj.br\/index.php?rest_route=%2Fwp%2Fv2%2Fcategories&post=510"},{"taxonomy":"post_tag","embeddable":true,"href":"https:\/\/humanismo.ufrrj.br\/index.php?rest_route=%2Fwp%2Fv2%2Ftags&post=510"}],"curies":[{"name":"wp","href":"https:\/\/api.w.org\/{rel}","templated":true}]}}