{"id":478,"date":"2025-05-26T08:33:09","date_gmt":"2025-05-26T11:33:09","guid":{"rendered":"https:\/\/humanismo.ufrrj.br\/?p=478"},"modified":"2026-06-25T15:11:45","modified_gmt":"2026-06-25T18:11:45","slug":"seminaire-les-marges-de-la-philosophie-8","status":"publish","type":"post","link":"https:\/\/humanismo.ufrrj.br\/?p=478&lang=fr","title":{"rendered":"Huiti\u00e8me \u00e9dition"},"content":{"rendered":"<p>A oitava edi\u00e7\u00e3o do Semin\u00e1rio do nosso Grupo de Pesquisa inaugura seu novo nome: &#8220;As margens da filosofia&#8221; e ser\u00e1 realizada em formato de Col\u00f3quio, com o t\u00edtulo &#8220;As Luzes e suas margens&#8221;<\/p>\n<div><\/div>\n<div><strong>Apresenta\u00e7\u00e3o:<\/strong><\/div>\n<div><\/div>\n<p>As Luzes permitiram tanto o surgimento quanto a recusa de novas posi\u00e7\u00f5es filos\u00f3ficas. \u00c9poca de esplendor cultural e filos\u00f3fico, elas permitiram a publiciza\u00e7\u00e3o de um materialismo extremo que, ateu, leva \u00e0 problematiza\u00e7\u00e3o da exist\u00eancia de um fundamento \u00e9tico ou at\u00e9 mesmo ao imoralismo. As rea\u00e7\u00f5es foram brutais. N\u00e3o \u00e9 uma coincid\u00eancia se, no s\u00e9culo seguinte, o materialismo s\u00f3 se estabeleceu no novo dom\u00ednio das \u201cci\u00eancias\u201d, deixando \u00e0 \u201cfilosofia\u201d uma nova pesquisa, a pelo fundamento \u00e9tico.<\/p>\n<div><\/div>\n<div><strong>Organiza\u00e7\u00e3o:<\/strong> Prof. Dr. Danilo Bilate<\/div>\n<p><em>\u00a0<\/em><\/p>\n<p style=\"font-weight: 400;\"><strong>Programa\u00e7\u00e3o &#8211; Ter\u00e7a-feira, dia 23\/09: \u201cAs Luzes\u201d<\/strong><\/p>\n<p><em>\u00a0<\/em><\/p>\n<p style=\"font-weight: 400;\"><strong>09h-10h30 (IFCS-UFRJ \/ Sala Celso Lemos)<\/strong><\/p>\n<p style=\"font-weight: 400;\">Arthur D\u2019Elia<\/p>\n<p style=\"font-weight: 400;\"><em>Materialismo contra Deus: uma alian\u00e7a entre Marx, Holbach e Diderot<\/em><\/p>\n<p style=\"font-weight: 400;\">Guilherme Gran\u00e9 Diniz<\/p>\n<p style=\"font-weight: 400;\"><em>\u201cDa f\u00edsica \u00e0 \u00e9tica\u201d: materialismo e ate\u00edsmo no \u201cDi\u00e1logo entre um Padre e um Moribundo\u201d, do Marqu\u00eas de Sade<\/em><\/p>\n<p style=\"font-weight: 400;\">William Romualdo<\/p>\n<p style=\"font-weight: 400;\"><em>Ate\u00edsmo e moral: a quest\u00e3o da toler\u00e2ncia no materialismo ateu de Bar\u00e3o de Holbach<\/em><\/p>\n<p style=\"font-weight: 400;\"><strong>\u00a0<\/strong><\/p>\n<p style=\"font-weight: 400;\"><strong>11h00 \u2013 12h (Centro H\u00e9lio Oiticica)<\/strong><\/p>\n<p style=\"font-weight: 400;\">Ana Vit\u00f3ria Tann\u00fas Bernardes &amp; Maria Clara de Oliveira Gon\u00e7alves<\/p>\n<p style=\"font-weight: 400;\"><em>Educa\u00e7\u00e3o e virtude republicana: Mary Wollstonecraft, Condorcet e os limites do projeto educativo ilustrado<\/em><\/p>\n<p style=\"font-weight: 400;\">Louren\u00e7o Fernandes Neto e Silva<\/p>\n<p style=\"font-weight: 400;\"><em>Racionalismo vs. Empirismo: atualiza\u00e7\u00f5es para o balan\u00e7o de um erro historiogr\u00e1fico<\/em><\/p>\n<p style=\"font-weight: 400;\"><strong>\u00a0<\/strong><\/p>\n<p style=\"font-weight: 400;\"><strong>14h \u2013 14h40 (Centro H\u00e9lio Oiticica)<\/strong><\/p>\n<p style=\"font-weight: 400;\">Clara Castro<\/p>\n<p style=\"font-weight: 400;\"><em>O Deus Vernet no materialismo de Diderot<\/em><\/p>\n<p style=\"font-weight: 400;\"><strong>\u00a0<\/strong><\/p>\n<p style=\"font-weight: 400;\"><strong>14h40 \u2013 15h20<\/strong> <strong>(Centro H\u00e9lio Oiticica)<\/strong><\/p>\n<p style=\"font-weight: 400;\">Marco Menin<\/p>\n<p style=\"font-weight: 400;\"><em>D\u00e9vorer l\u2019humain: pour une lecture cannibale du mat\u00e9rialisme sadien <\/em><\/p>\n<p style=\"font-weight: 400;\">[Devorar o humano: por uma leitura canibal do materialismo sadiano]<\/p>\n<p><em>\u00a0<\/em><\/p>\n<p style=\"font-weight: 400;\"><strong>Programa\u00e7\u00e3o &#8211; Quarta-feira, dia 24\/09: \u201cO problema da heran\u00e7a\u201d<\/strong><\/p>\n<p><em>\u00a0<\/em><\/p>\n<p style=\"font-weight: 400;\"><strong>09h-10h30 (IFCS-UFRJ \/ Sala Celso Lemos)<\/strong><\/p>\n<p style=\"font-weight: 400;\">Ronaldo Pelli<\/p>\n<p style=\"font-weight: 400;\"><em>A segunda volta do parafuso: a raz\u00e3o na era contempor\u00e2nea<\/em><\/p>\n<p style=\"font-weight: 400;\">Juliane Maciel Miranda<\/p>\n<p style=\"font-weight: 400;\"><em>Luzes que iluminam e incendeiam: Desdobramentos cr\u00edticos da heran\u00e7a iluminista<\/em><em> em Nietzsche<\/em><\/p>\n<p style=\"font-weight: 400;\">Marcus C\u00e9sar Ferreira Oliveira<\/p>\n<p style=\"font-weight: 400;\"><em>Hume, Kant e Popper: \u00e9 poss\u00edvel escapar do irracionalismo?<\/em><\/p>\n<p style=\"font-weight: 400;\"><strong>\u00a0<\/strong><\/p>\n<p style=\"font-weight: 400;\"><strong>11h \u2013 11h40 (Centro H\u00e9lio Oiticica)<\/strong><\/p>\n<p style=\"font-weight: 400;\">Jos\u00e9 Nicolao Juli\u00e3o<\/p>\n<p style=\"font-weight: 400;\"><em>Voltaire versus Rousseau em Nietzsche<\/em><\/p>\n<p><em>\u00a0<\/em><\/p>\n<p style=\"font-weight: 400;\"><strong>14h \u2013 14h40 (Centro H\u00e9lio Oiticica)<\/strong><\/p>\n<p style=\"font-weight: 400;\">Walter Valdevino<\/p>\n<p style=\"font-weight: 400;\"><em>Charles Darwin sob a luz do S\u00e9culo das Luzes<\/em><\/p>\n<p><em>\u00a0<\/em><\/p>\n<p style=\"font-weight: 400;\"><strong>14h40 \u2013 15h20<\/strong> <strong>(Centro H\u00e9lio Oiticica)<\/strong><\/p>\n<p style=\"font-weight: 400;\">Andr\u00e9 Martins<\/p>\n<p style=\"font-weight: 400;\"><em>Spinoza materialista? A querela do pante\u00edsmo<\/em><\/p>\n<p style=\"font-weight: 400;\"><strong>\u00a0<\/strong><\/p>\n<p style=\"font-weight: 400;\"><strong>15h20 \u2013 16h (Centro H\u00e9lio Oiticica)<\/strong><\/p>\n<p style=\"font-weight: 400;\">Bertrand Binoche<\/p>\n<p style=\"font-weight: 400;\"><em>Les Lumi\u00e8res: un \u201ch\u00e9ritage\u201d? <\/em><\/p>\n<p style=\"font-weight: 400;\">[As Luzes, uma \u201cheran\u00e7a?\u201d]<\/p>\n<div><\/div>\n<div><\/div>\n","protected":false},"excerpt":{"rendered":"<p>A oitava edi\u00e7\u00e3o do Semin\u00e1rio do nosso Grupo de Pesquisa inaugura seu novo nome: &#8220;As margens da filosofia&#8221; e ser\u00e1 realizada em formato de Col\u00f3quio, com o t\u00edtulo &#8220;As Luzes e suas margens&#8221; Apresenta\u00e7\u00e3o: As Luzes permitiram tanto o surgimento quanto a recusa de novas&nbsp;<a class=\"read-more\" href=\"https:\/\/humanismo.ufrrj.br\/?p=478&#038;lang=fr\">&hellip;<\/a><\/p>\n","protected":false},"author":1,"featured_media":491,"comment_status":"open","ping_status":"open","sticky":false,"template":"","format":"standard","meta":{"footnotes":""},"categories":[30],"tags":[65,53,55,51],"class_list":["post-478","post","type-post","status-publish","format-standard","has-post-thumbnail","hentry","category-sem-categoria-fr","tag-bilate-fr","tag-filosofia","tag-iluminismo","tag-materialismo"],"_links":{"self":[{"href":"https:\/\/humanismo.ufrrj.br\/index.php?rest_route=\/wp\/v2\/posts\/478","targetHints":{"allow":["GET"]}}],"collection":[{"href":"https:\/\/humanismo.ufrrj.br\/index.php?rest_route=\/wp\/v2\/posts"}],"about":[{"href":"https:\/\/humanismo.ufrrj.br\/index.php?rest_route=\/wp\/v2\/types\/post"}],"author":[{"embeddable":true,"href":"https:\/\/humanismo.ufrrj.br\/index.php?rest_route=\/wp\/v2\/users\/1"}],"replies":[{"embeddable":true,"href":"https:\/\/humanismo.ufrrj.br\/index.php?rest_route=%2Fwp%2Fv2%2Fcomments&post=478"}],"version-history":[{"count":6,"href":"https:\/\/humanismo.ufrrj.br\/index.php?rest_route=\/wp\/v2\/posts\/478\/revisions"}],"predecessor-version":[{"id":528,"href":"https:\/\/humanismo.ufrrj.br\/index.php?rest_route=\/wp\/v2\/posts\/478\/revisions\/528"}],"wp:featuredmedia":[{"embeddable":true,"href":"https:\/\/humanismo.ufrrj.br\/index.php?rest_route=\/wp\/v2\/media\/491"}],"wp:attachment":[{"href":"https:\/\/humanismo.ufrrj.br\/index.php?rest_route=%2Fwp%2Fv2%2Fmedia&parent=478"}],"wp:term":[{"taxonomy":"category","embeddable":true,"href":"https:\/\/humanismo.ufrrj.br\/index.php?rest_route=%2Fwp%2Fv2%2Fcategories&post=478"},{"taxonomy":"post_tag","embeddable":true,"href":"https:\/\/humanismo.ufrrj.br\/index.php?rest_route=%2Fwp%2Fv2%2Ftags&post=478"}],"curies":[{"name":"wp","href":"https:\/\/api.w.org\/{rel}","templated":true}]}}