{"id":348,"date":"2021-05-29T06:58:12","date_gmt":"2021-05-29T09:58:12","guid":{"rendered":"http:\/\/humanismo.ufrrj.br\/?p=348"},"modified":"2021-05-29T13:58:18","modified_gmt":"2021-05-29T16:58:18","slug":"troisieme-edition","status":"publish","type":"post","link":"https:\/\/humanismo.ufrrj.br\/?p=348&lang=fr","title":{"rendered":"Troisi\u00e8me \u00e9dition"},"content":{"rendered":"<p>Semin\u00e1rio do Grupo de Pesquisas Humanismo &#8211; 3\u00aa edi\u00e7\u00e3o<\/p>\n<p>Dia 30\/08\/2017, quarta-feira, 18h<\/p>\n<p>\u201cDiderot e o realismo-mistificado: o filho natural e suas conversas\u201d<\/p>\n<p>Christine Arndt de Santana (UFS)<\/p>\n<p>Local: UFRRJ, Audit\u00f3rio do PAT \u2013 Campus Serop\u00e9dica<\/p>\n<p>Promo\u00e7\u00e3o:\u00a0Programa de P\u00f3s-Gradua\u00e7\u00e3o em Filosofia da UFRRJ (PPGFil-UFRRJ)<\/p>\n","protected":false},"excerpt":{"rendered":"<p>Semin\u00e1rio do Grupo de Pesquisas Humanismo &#8211; 3\u00aa edi\u00e7\u00e3o Dia 30\/08\/2017, quarta-feira, 18h \u201cDiderot e o realismo-mistificado: o filho natural e suas conversas\u201d Christine Arndt de Santana (UFS) Local: UFRRJ, Audit\u00f3rio do PAT \u2013 Campus Serop\u00e9dica Promo\u00e7\u00e3o:\u00a0Programa de P\u00f3s-Gradua\u00e7\u00e3o em Filosofia da UFRRJ (PPGFil-UFRRJ)<\/p>\n","protected":false},"author":1,"featured_media":159,"comment_status":"open","ping_status":"open","sticky":false,"template":"","format":"standard","meta":{"footnotes":""},"categories":[30],"tags":[],"class_list":["post-348","post","type-post","status-publish","format-standard","has-post-thumbnail","hentry","category-sem-categoria-fr"],"_links":{"self":[{"href":"https:\/\/humanismo.ufrrj.br\/index.php?rest_route=\/wp\/v2\/posts\/348","targetHints":{"allow":["GET"]}}],"collection":[{"href":"https:\/\/humanismo.ufrrj.br\/index.php?rest_route=\/wp\/v2\/posts"}],"about":[{"href":"https:\/\/humanismo.ufrrj.br\/index.php?rest_route=\/wp\/v2\/types\/post"}],"author":[{"embeddable":true,"href":"https:\/\/humanismo.ufrrj.br\/index.php?rest_route=\/wp\/v2\/users\/1"}],"replies":[{"embeddable":true,"href":"https:\/\/humanismo.ufrrj.br\/index.php?rest_route=%2Fwp%2Fv2%2Fcomments&post=348"}],"version-history":[{"count":1,"href":"https:\/\/humanismo.ufrrj.br\/index.php?rest_route=\/wp\/v2\/posts\/348\/revisions"}],"predecessor-version":[{"id":349,"href":"https:\/\/humanismo.ufrrj.br\/index.php?rest_route=\/wp\/v2\/posts\/348\/revisions\/349"}],"wp:featuredmedia":[{"embeddable":true,"href":"https:\/\/humanismo.ufrrj.br\/index.php?rest_route=\/wp\/v2\/media\/159"}],"wp:attachment":[{"href":"https:\/\/humanismo.ufrrj.br\/index.php?rest_route=%2Fwp%2Fv2%2Fmedia&parent=348"}],"wp:term":[{"taxonomy":"category","embeddable":true,"href":"https:\/\/humanismo.ufrrj.br\/index.php?rest_route=%2Fwp%2Fv2%2Fcategories&post=348"},{"taxonomy":"post_tag","embeddable":true,"href":"https:\/\/humanismo.ufrrj.br\/index.php?rest_route=%2Fwp%2Fv2%2Ftags&post=348"}],"curies":[{"name":"wp","href":"https:\/\/api.w.org\/{rel}","templated":true}]}}