{"id":344,"date":"2021-05-29T08:57:11","date_gmt":"2021-05-29T11:57:11","guid":{"rendered":"http:\/\/humanismo.ufrrj.br\/?p=344"},"modified":"2021-05-29T13:57:23","modified_gmt":"2021-05-29T16:57:23","slug":"minicours","status":"publish","type":"post","link":"https:\/\/humanismo.ufrrj.br\/?p=344&lang=fr","title":{"rendered":"Minicours"},"content":{"rendered":"<p>Minicurso<\/p>\n<p>Dia 31\/10\/2017, ter\u00e7a-feira, 15h<\/p>\n<p>\u201cInterven\u00e7\u00e3o e libera\u00e7\u00e3o de Edmund Burke a John Stuart Mill\u201d<br \/>\nAur\u00e9lie Kn\u00fcfer (Universit\u00e9 de Montpellier 3)<\/p>\n<p>(O minicurso ser\u00e1 ministrado em franc\u00eas, mas haver\u00e1 tradu\u00e7\u00e3o intercalada)<\/p>\n<p>Ser\u00e3o concedidos certificados para os ouvintes<\/p>\n<p>Local: UFRRJ, Sala de Reuni\u00f5es do PPGFIL \u2013 Campus Serop\u00e9dica<\/p>\n","protected":false},"excerpt":{"rendered":"<p>Minicurso Dia 31\/10\/2017, ter\u00e7a-feira, 15h \u201cInterven\u00e7\u00e3o e libera\u00e7\u00e3o de Edmund Burke a John Stuart Mill\u201d Aur\u00e9lie Kn\u00fcfer (Universit\u00e9 de Montpellier 3) (O minicurso ser\u00e1 ministrado em franc\u00eas, mas haver\u00e1 tradu\u00e7\u00e3o intercalada) Ser\u00e3o concedidos certificados para os ouvintes Local: UFRRJ, Sala de Reuni\u00f5es do PPGFIL \u2013&nbsp;<a class=\"read-more\" href=\"https:\/\/humanismo.ufrrj.br\/?p=344&#038;lang=fr\">&hellip;<\/a><\/p>\n","protected":false},"author":1,"featured_media":162,"comment_status":"open","ping_status":"open","sticky":false,"template":"","format":"standard","meta":{"footnotes":""},"categories":[30],"tags":[],"class_list":["post-344","post","type-post","status-publish","format-standard","has-post-thumbnail","hentry","category-sem-categoria-fr"],"_links":{"self":[{"href":"https:\/\/humanismo.ufrrj.br\/index.php?rest_route=\/wp\/v2\/posts\/344","targetHints":{"allow":["GET"]}}],"collection":[{"href":"https:\/\/humanismo.ufrrj.br\/index.php?rest_route=\/wp\/v2\/posts"}],"about":[{"href":"https:\/\/humanismo.ufrrj.br\/index.php?rest_route=\/wp\/v2\/types\/post"}],"author":[{"embeddable":true,"href":"https:\/\/humanismo.ufrrj.br\/index.php?rest_route=\/wp\/v2\/users\/1"}],"replies":[{"embeddable":true,"href":"https:\/\/humanismo.ufrrj.br\/index.php?rest_route=%2Fwp%2Fv2%2Fcomments&post=344"}],"version-history":[{"count":1,"href":"https:\/\/humanismo.ufrrj.br\/index.php?rest_route=\/wp\/v2\/posts\/344\/revisions"}],"predecessor-version":[{"id":345,"href":"https:\/\/humanismo.ufrrj.br\/index.php?rest_route=\/wp\/v2\/posts\/344\/revisions\/345"}],"wp:featuredmedia":[{"embeddable":true,"href":"https:\/\/humanismo.ufrrj.br\/index.php?rest_route=\/wp\/v2\/media\/162"}],"wp:attachment":[{"href":"https:\/\/humanismo.ufrrj.br\/index.php?rest_route=%2Fwp%2Fv2%2Fmedia&parent=344"}],"wp:term":[{"taxonomy":"category","embeddable":true,"href":"https:\/\/humanismo.ufrrj.br\/index.php?rest_route=%2Fwp%2Fv2%2Fcategories&post=344"},{"taxonomy":"post_tag","embeddable":true,"href":"https:\/\/humanismo.ufrrj.br\/index.php?rest_route=%2Fwp%2Fv2%2Ftags&post=344"}],"curies":[{"name":"wp","href":"https:\/\/api.w.org\/{rel}","templated":true}]}}