{"id":338,"date":"2021-05-29T12:53:56","date_gmt":"2021-05-29T15:53:56","guid":{"rendered":"http:\/\/humanismo.ufrrj.br\/?p=338"},"modified":"2021-05-29T13:54:44","modified_gmt":"2021-05-29T16:54:44","slug":"sixieme-edition","status":"publish","type":"post","link":"https:\/\/humanismo.ufrrj.br\/?p=338&lang=fr","title":{"rendered":"Sixi\u00e8me \u00e9dition"},"content":{"rendered":"<p>Semin\u00e1rio do Grupo de Pesquisas Humanismo &#8211; 6\u00aa edi\u00e7\u00e3o<\/p>\n<p><strong>Dia 21\/09\/18, sexta-feira, 15h<\/strong><\/p>\n<p><strong>\u201cDa filosofia da hist\u00f3ria \u00e0s historicidades filos\u00f3ficas\u201d<\/strong><\/p>\n<p>Bertrand Binoche (Universit\u00e9 de Paris 1 \u2013 Panth\u00e9on-Sorbonne)<\/p>\n<p><strong>Local: UFRRJ, Audit\u00f3rio da Biblioteca \u2013 Campus Serop\u00e9dica<\/strong><\/p>\n<p>Para ver o cartaz, clique aqui:\u00a0<a href=\"http:\/\/cursos.ufrrj.br\/posgraduacao\/ppgfil\/files\/2018\/09\/cartaz-21.pdf\">cartaz-21<\/a><\/p>\n","protected":false},"excerpt":{"rendered":"<p>Semin\u00e1rio do Grupo de Pesquisas Humanismo &#8211; 6\u00aa edi\u00e7\u00e3o Dia 21\/09\/18, sexta-feira, 15h \u201cDa filosofia da hist\u00f3ria \u00e0s historicidades filos\u00f3ficas\u201d Bertrand Binoche (Universit\u00e9 de Paris 1 \u2013 Panth\u00e9on-Sorbonne) Local: UFRRJ, Audit\u00f3rio da Biblioteca \u2013 Campus Serop\u00e9dica Para ver o cartaz, clique aqui:\u00a0cartaz-21<\/p>\n","protected":false},"author":1,"featured_media":244,"comment_status":"open","ping_status":"open","sticky":false,"template":"","format":"standard","meta":{"footnotes":""},"categories":[30],"tags":[],"class_list":["post-338","post","type-post","status-publish","format-standard","has-post-thumbnail","hentry","category-sem-categoria-fr"],"_links":{"self":[{"href":"https:\/\/humanismo.ufrrj.br\/index.php?rest_route=\/wp\/v2\/posts\/338","targetHints":{"allow":["GET"]}}],"collection":[{"href":"https:\/\/humanismo.ufrrj.br\/index.php?rest_route=\/wp\/v2\/posts"}],"about":[{"href":"https:\/\/humanismo.ufrrj.br\/index.php?rest_route=\/wp\/v2\/types\/post"}],"author":[{"embeddable":true,"href":"https:\/\/humanismo.ufrrj.br\/index.php?rest_route=\/wp\/v2\/users\/1"}],"replies":[{"embeddable":true,"href":"https:\/\/humanismo.ufrrj.br\/index.php?rest_route=%2Fwp%2Fv2%2Fcomments&post=338"}],"version-history":[{"count":1,"href":"https:\/\/humanismo.ufrrj.br\/index.php?rest_route=\/wp\/v2\/posts\/338\/revisions"}],"predecessor-version":[{"id":339,"href":"https:\/\/humanismo.ufrrj.br\/index.php?rest_route=\/wp\/v2\/posts\/338\/revisions\/339"}],"wp:featuredmedia":[{"embeddable":true,"href":"https:\/\/humanismo.ufrrj.br\/index.php?rest_route=\/wp\/v2\/media\/244"}],"wp:attachment":[{"href":"https:\/\/humanismo.ufrrj.br\/index.php?rest_route=%2Fwp%2Fv2%2Fmedia&parent=338"}],"wp:term":[{"taxonomy":"category","embeddable":true,"href":"https:\/\/humanismo.ufrrj.br\/index.php?rest_route=%2Fwp%2Fv2%2Fcategories&post=338"},{"taxonomy":"post_tag","embeddable":true,"href":"https:\/\/humanismo.ufrrj.br\/index.php?rest_route=%2Fwp%2Fv2%2Ftags&post=338"}],"curies":[{"name":"wp","href":"https:\/\/api.w.org\/{rel}","templated":true}]}}