{"id":329,"date":"2021-05-29T13:50:38","date_gmt":"2021-05-29T16:50:38","guid":{"rendered":"http:\/\/humanismo.ufrrj.br\/?p=329"},"modified":"2021-05-29T13:50:38","modified_gmt":"2021-05-29T16:50:38","slug":"septieme-edition","status":"publish","type":"post","link":"https:\/\/humanismo.ufrrj.br\/?p=329&lang=fr","title":{"rendered":"Septi\u00e8me \u00e9dition"},"content":{"rendered":"<p>Dia 29\/11\/2018 &#8211; 18h &#8211; Audit\u00f3rio do PAT<\/p>\n<p>Semin\u00e1rio do Grupo de Pesquisa Humanismo \u2013 7\u00aa edi\u00e7\u00e3o: Condorcet e a quest\u00e3o da desigualdade<\/p>\n<p>Fil\u00f3sofo iluminista, com atua\u00e7\u00e3o pol\u00edtica destacada na Revolu\u00e7\u00e3o Francesa, Condorcet (1743-1794), al\u00e9m de escrever textos que combatiam as desigualdades, prop\u00f4s leis para diminui-las. Uma das suas mais importantes propostas de leis \u00e9 a da implanta\u00e7\u00e3o da instru\u00e7\u00e3o p\u00fablica, apresentada em 21 de abril de 1791, na Assembleia Nacional da Fran\u00e7a, na qual prop\u00f4s o estabelecimento de uma escola p\u00fablica que instru\u00edsse homens, mulheres, brancos, negros, cat\u00f3licos, judeus, protestantes, ricos e pobres de igual forma. Os textos Cinco mem\u00f3rias sobre a instru\u00e7\u00e3o p\u00fablica, O Direito das mulheres \u00e0 cidade, Reflex\u00f5es sobre a escravid\u00e3o negra, Justi\u00e7a e necessidade de assegurar na Fran\u00e7a um estado legal aos protestantes e Carta de um trabalhador da Picardia ao Sr. N. s\u00e3o os que expressam de uma forma mais abrangente o pensamento de Condorcet sobre as desigualdades. Como ocorreu a constru\u00e7\u00e3o deste pensamento e deste combate \u00e0s desigualdades? Ser\u00e1 esta uma heran\u00e7a de Rousseau desde que escreveu O Discurso sobre a origem da desigualdade entre os homens e O Contrato Social? Como conciliar isto com o fato de Condorcet ter discordado de Rousseau sobre a origem da propriedade? Buscamos responder a estas perguntas tratando da quest\u00e3o das desigualdades entre os homens, tema comum a estes dois fil\u00f3sofos.<\/p>\n<p>A confer\u00eancia ser\u00e1 proferida por:<\/p>\n<p>Rodison Roberto Santos<br \/>\nDoutor em \u00c9tica e Filosofia Pol\u00edtica pela Faculdade de Filosofia, Letras e Ci\u00eancias Humanas da Universidade de S\u00e3o Paulo.<br \/>\nAtualmente faz P\u00f3s-Doutorado em Filosofia da Educa\u00e7\u00e3o na Faculdade de Educa\u00e7\u00e3o da Universidade de S\u00e3o Paulo.<br \/>\nParticipante do grupo de pesquisa Res p\u00fablica do Departamento de Filosofia da FFLCH\/USP.<\/p>\n","protected":false},"excerpt":{"rendered":"<p>Dia 29\/11\/2018 &#8211; 18h &#8211; Audit\u00f3rio do PAT Semin\u00e1rio do Grupo de Pesquisa Humanismo \u2013 7\u00aa edi\u00e7\u00e3o: Condorcet e a quest\u00e3o da desigualdade Fil\u00f3sofo iluminista, com atua\u00e7\u00e3o pol\u00edtica destacada na Revolu\u00e7\u00e3o Francesa, Condorcet (1743-1794), al\u00e9m de escrever textos que combatiam as desigualdades, prop\u00f4s leis para&nbsp;<a class=\"read-more\" href=\"https:\/\/humanismo.ufrrj.br\/?p=329&#038;lang=fr\">&hellip;<\/a><\/p>\n","protected":false},"author":1,"featured_media":249,"comment_status":"open","ping_status":"open","sticky":false,"template":"","format":"standard","meta":{"footnotes":""},"categories":[30],"tags":[],"class_list":["post-329","post","type-post","status-publish","format-standard","has-post-thumbnail","hentry","category-sem-categoria-fr"],"_links":{"self":[{"href":"https:\/\/humanismo.ufrrj.br\/index.php?rest_route=\/wp\/v2\/posts\/329","targetHints":{"allow":["GET"]}}],"collection":[{"href":"https:\/\/humanismo.ufrrj.br\/index.php?rest_route=\/wp\/v2\/posts"}],"about":[{"href":"https:\/\/humanismo.ufrrj.br\/index.php?rest_route=\/wp\/v2\/types\/post"}],"author":[{"embeddable":true,"href":"https:\/\/humanismo.ufrrj.br\/index.php?rest_route=\/wp\/v2\/users\/1"}],"replies":[{"embeddable":true,"href":"https:\/\/humanismo.ufrrj.br\/index.php?rest_route=%2Fwp%2Fv2%2Fcomments&post=329"}],"version-history":[{"count":1,"href":"https:\/\/humanismo.ufrrj.br\/index.php?rest_route=\/wp\/v2\/posts\/329\/revisions"}],"predecessor-version":[{"id":330,"href":"https:\/\/humanismo.ufrrj.br\/index.php?rest_route=\/wp\/v2\/posts\/329\/revisions\/330"}],"wp:featuredmedia":[{"embeddable":true,"href":"https:\/\/humanismo.ufrrj.br\/index.php?rest_route=\/wp\/v2\/media\/249"}],"wp:attachment":[{"href":"https:\/\/humanismo.ufrrj.br\/index.php?rest_route=%2Fwp%2Fv2%2Fmedia&parent=329"}],"wp:term":[{"taxonomy":"category","embeddable":true,"href":"https:\/\/humanismo.ufrrj.br\/index.php?rest_route=%2Fwp%2Fv2%2Fcategories&post=329"},{"taxonomy":"post_tag","embeddable":true,"href":"https:\/\/humanismo.ufrrj.br\/index.php?rest_route=%2Fwp%2Fv2%2Ftags&post=329"}],"curies":[{"name":"wp","href":"https:\/\/api.w.org\/{rel}","templated":true}]}}