{"id":230,"date":"2018-08-21T16:25:16","date_gmt":"2018-08-21T19:25:16","guid":{"rendered":"http:\/\/r1.ufrrj.br\/humanismo\/?p=230"},"modified":"2018-09-14T16:37:41","modified_gmt":"2018-09-14T19:37:41","slug":"xlii-encontros-nietzsche","status":"publish","type":"post","link":"https:\/\/humanismo.ufrrj.br\/?p=230","title":{"rendered":"XLII Encontros Nietzsche"},"content":{"rendered":"<p>A 42\u00aa Edi\u00e7\u00e3o dos Encontros Nietzsche ser\u00e1 realizada no Campus Serop\u00e9dica da UFRRJ, uma realiza\u00e7\u00e3o do PPGFIL e do Grupo de Pesquisa Humanismo.<\/p>\n<p>Para ver a programa\u00e7\u00e3o, clique aqui:\u00a0<a href=\"http:\/\/r1.ufrrj.br\/humanismo\/wp-content\/uploads\/2018\/08\/banner-EN.jpg\"><img loading=\"lazy\" decoding=\"async\" class=\"alignnone wp-image-240 size-medium\" src=\"http:\/\/r1.ufrrj.br\/humanismo\/wp-content\/uploads\/2018\/08\/banner-EN-300x300.jpg\" alt=\"\" width=\"300\" height=\"300\" srcset=\"https:\/\/humanismo.ufrrj.br\/wp-content\/uploads\/2018\/08\/banner-EN-300x300.jpg 300w, https:\/\/humanismo.ufrrj.br\/wp-content\/uploads\/2018\/08\/banner-EN-150x150.jpg 150w, https:\/\/humanismo.ufrrj.br\/wp-content\/uploads\/2018\/08\/banner-EN-768x767.jpg 768w, https:\/\/humanismo.ufrrj.br\/wp-content\/uploads\/2018\/08\/banner-EN-1024x1024.jpg 1024w, https:\/\/humanismo.ufrrj.br\/wp-content\/uploads\/2018\/08\/banner-EN-50x50.jpg 50w, https:\/\/humanismo.ufrrj.br\/wp-content\/uploads\/2018\/08\/banner-EN.jpg 1068w\" sizes=\"auto, (max-width: 300px) 100vw, 300px\" \/><\/a><\/p>\n","protected":false},"excerpt":{"rendered":"<p>A 42\u00aa Edi\u00e7\u00e3o dos Encontros Nietzsche ser\u00e1 realizada no Campus Serop\u00e9dica da UFRRJ, uma realiza\u00e7\u00e3o do PPGFIL e do Grupo de Pesquisa Humanismo. Para ver a programa\u00e7\u00e3o, clique aqui:\u00a0<\/p>\n","protected":false},"author":1,"featured_media":231,"comment_status":"open","ping_status":"open","sticky":false,"template":"","format":"standard","meta":{"footnotes":""},"categories":[1],"tags":[],"class_list":["post-230","post","type-post","status-publish","format-standard","has-post-thumbnail","hentry","category-sem-categoria"],"_links":{"self":[{"href":"https:\/\/humanismo.ufrrj.br\/index.php?rest_route=\/wp\/v2\/posts\/230","targetHints":{"allow":["GET"]}}],"collection":[{"href":"https:\/\/humanismo.ufrrj.br\/index.php?rest_route=\/wp\/v2\/posts"}],"about":[{"href":"https:\/\/humanismo.ufrrj.br\/index.php?rest_route=\/wp\/v2\/types\/post"}],"author":[{"embeddable":true,"href":"https:\/\/humanismo.ufrrj.br\/index.php?rest_route=\/wp\/v2\/users\/1"}],"replies":[{"embeddable":true,"href":"https:\/\/humanismo.ufrrj.br\/index.php?rest_route=%2Fwp%2Fv2%2Fcomments&post=230"}],"version-history":[{"count":7,"href":"https:\/\/humanismo.ufrrj.br\/index.php?rest_route=\/wp\/v2\/posts\/230\/revisions"}],"predecessor-version":[{"id":242,"href":"https:\/\/humanismo.ufrrj.br\/index.php?rest_route=\/wp\/v2\/posts\/230\/revisions\/242"}],"wp:featuredmedia":[{"embeddable":true,"href":"https:\/\/humanismo.ufrrj.br\/index.php?rest_route=\/wp\/v2\/media\/231"}],"wp:attachment":[{"href":"https:\/\/humanismo.ufrrj.br\/index.php?rest_route=%2Fwp%2Fv2%2Fmedia&parent=230"}],"wp:term":[{"taxonomy":"category","embeddable":true,"href":"https:\/\/humanismo.ufrrj.br\/index.php?rest_route=%2Fwp%2Fv2%2Fcategories&post=230"},{"taxonomy":"post_tag","embeddable":true,"href":"https:\/\/humanismo.ufrrj.br\/index.php?rest_route=%2Fwp%2Fv2%2Ftags&post=230"}],"curies":[{"name":"wp","href":"https:\/\/api.w.org\/{rel}","templated":true}]}}