{"id":171,"date":"2015-04-17T00:09:27","date_gmt":"2015-04-17T03:09:27","guid":{"rendered":"http:\/\/r1.ufrrj.br\/humanismo\/?p=171"},"modified":"2026-06-25T14:56:32","modified_gmt":"2026-06-25T17:56:32","slug":"seminario-1a-edicao","status":"publish","type":"post","link":"https:\/\/humanismo.ufrrj.br\/?p=171","title":{"rendered":"1\u00aa edi\u00e7\u00e3o"},"content":{"rendered":"<p>Mesa \u201cLiteratura e Est\u00e9tica no Iluminismo franc\u00eas do s\u00e9c. XVIII\u201d,\u00a0com as palestras:<\/p>\n<p>\u201c<em>A est\u00e9tica de Voltaire<\/em>\u201d \u2013 Prof. Dr. Vladimir de Oliva Mota &amp;\u00a0\u201c<em>Literatura e educa\u00e7\u00e3o em Diderot<\/em>\u201d \u2013 Prof.\u00aa Dr.\u00aa Christine Arndt de Santana<\/p>\n<p>Sexta-feira, dia 17\/04\/2015<br \/>\n\u00c0s 13:00h<br \/>\nSala 19 do ICHS-UFRRJ, campus Serop\u00e9dica<\/p>\n","protected":false},"excerpt":{"rendered":"<p>Mesa \u201cLiteratura e Est\u00e9tica no Iluminismo franc\u00eas do s\u00e9c. XVIII\u201d,\u00a0com as palestras: \u201cA est\u00e9tica de Voltaire\u201d \u2013 Prof. Dr. Vladimir de Oliva Mota &amp;\u00a0\u201cLiteratura e educa\u00e7\u00e3o em Diderot\u201d \u2013 Prof.\u00aa Dr.\u00aa Christine Arndt de Santana Sexta-feira, dia 17\/04\/2015 \u00c0s 13:00h Sala 19 do ICHS-UFRRJ, campus&nbsp;<a class=\"read-more\" href=\"https:\/\/humanismo.ufrrj.br\/?p=171\">&hellip;<\/a><\/p>\n","protected":false},"author":1,"featured_media":172,"comment_status":"open","ping_status":"open","sticky":false,"template":"","format":"standard","meta":{"footnotes":""},"categories":[1],"tags":[],"class_list":["post-171","post","type-post","status-publish","format-standard","has-post-thumbnail","hentry","category-sem-categoria"],"_links":{"self":[{"href":"https:\/\/humanismo.ufrrj.br\/index.php?rest_route=\/wp\/v2\/posts\/171","targetHints":{"allow":["GET"]}}],"collection":[{"href":"https:\/\/humanismo.ufrrj.br\/index.php?rest_route=\/wp\/v2\/posts"}],"about":[{"href":"https:\/\/humanismo.ufrrj.br\/index.php?rest_route=\/wp\/v2\/types\/post"}],"author":[{"embeddable":true,"href":"https:\/\/humanismo.ufrrj.br\/index.php?rest_route=\/wp\/v2\/users\/1"}],"replies":[{"embeddable":true,"href":"https:\/\/humanismo.ufrrj.br\/index.php?rest_route=%2Fwp%2Fv2%2Fcomments&post=171"}],"version-history":[{"count":2,"href":"https:\/\/humanismo.ufrrj.br\/index.php?rest_route=\/wp\/v2\/posts\/171\/revisions"}],"predecessor-version":[{"id":513,"href":"https:\/\/humanismo.ufrrj.br\/index.php?rest_route=\/wp\/v2\/posts\/171\/revisions\/513"}],"wp:featuredmedia":[{"embeddable":true,"href":"https:\/\/humanismo.ufrrj.br\/index.php?rest_route=\/wp\/v2\/media\/172"}],"wp:attachment":[{"href":"https:\/\/humanismo.ufrrj.br\/index.php?rest_route=%2Fwp%2Fv2%2Fmedia&parent=171"}],"wp:term":[{"taxonomy":"category","embeddable":true,"href":"https:\/\/humanismo.ufrrj.br\/index.php?rest_route=%2Fwp%2Fv2%2Fcategories&post=171"},{"taxonomy":"post_tag","embeddable":true,"href":"https:\/\/humanismo.ufrrj.br\/index.php?rest_route=%2Fwp%2Fv2%2Ftags&post=171"}],"curies":[{"name":"wp","href":"https:\/\/api.w.org\/{rel}","templated":true}]}}