{"id":164,"date":"2016-11-16T23:59:56","date_gmt":"2016-11-17T01:59:56","guid":{"rendered":"http:\/\/r1.ufrrj.br\/humanismo\/?p=164"},"modified":"2026-06-25T14:56:47","modified_gmt":"2026-06-25T17:56:47","slug":"seminario-3a-edicao","status":"publish","type":"post","link":"https:\/\/humanismo.ufrrj.br\/?p=164","title":{"rendered":"2\u00aa edi\u00e7\u00e3o"},"content":{"rendered":"<p>Mesa redonda internacional<\/p>\n<p>(em parceria com o Grupo de Pesquisa Contratualismo Moral e Pol\u00edtico &#8211; CNPq\/UFRRJ)<\/p>\n<p>Di\u00e1logos contra a servid\u00e3o volunt\u00e1ria: Spinoza &amp; La Bo\u00e9tie<\/p>\n<p>Quarta-feira \u2013 16\/11\/2016 \u2013 17h<\/p>\n<p>Conferencistas:<br \/>\nAlexandre Mendes (UFRRJ)<br \/>\nNelma Garcia de Medeiros (UFRRJ)<br \/>\nStefano Visentin (Universidade de Urbino Carlo Bo \u2013 It\u00e1lia)<\/p>\n<p>Mediadores:<br \/>\nDanilo Bilate (UFRRJ)<br \/>\nWalter Valdevino Oliveira Silva (UFRRJ)<\/p>\n<p>Local: P1, UFRRJ (Rural), Campus Serop\u00e9dica<\/p>\n<p>Promo\u00e7\u00e3o:<br \/>\nPrograma de P\u00f3s-Gradua\u00e7\u00e3o em Filosofia (PPGFIL-UFRRJ)<\/p>\n","protected":false},"excerpt":{"rendered":"<p>Mesa redonda internacional (em parceria com o Grupo de Pesquisa Contratualismo Moral e Pol\u00edtico &#8211; CNPq\/UFRRJ) Di\u00e1logos contra a servid\u00e3o volunt\u00e1ria: Spinoza &amp; La Bo\u00e9tie Quarta-feira \u2013 16\/11\/2016 \u2013 17h Conferencistas: Alexandre Mendes (UFRRJ) Nelma Garcia de Medeiros (UFRRJ) Stefano Visentin (Universidade de Urbino Carlo&nbsp;<a class=\"read-more\" href=\"https:\/\/humanismo.ufrrj.br\/?p=164\">&hellip;<\/a><\/p>\n","protected":false},"author":1,"featured_media":165,"comment_status":"open","ping_status":"open","sticky":false,"template":"","format":"standard","meta":{"footnotes":""},"categories":[1],"tags":[],"class_list":["post-164","post","type-post","status-publish","format-standard","has-post-thumbnail","hentry","category-sem-categoria"],"_links":{"self":[{"href":"https:\/\/humanismo.ufrrj.br\/index.php?rest_route=\/wp\/v2\/posts\/164","targetHints":{"allow":["GET"]}}],"collection":[{"href":"https:\/\/humanismo.ufrrj.br\/index.php?rest_route=\/wp\/v2\/posts"}],"about":[{"href":"https:\/\/humanismo.ufrrj.br\/index.php?rest_route=\/wp\/v2\/types\/post"}],"author":[{"embeddable":true,"href":"https:\/\/humanismo.ufrrj.br\/index.php?rest_route=\/wp\/v2\/users\/1"}],"replies":[{"embeddable":true,"href":"https:\/\/humanismo.ufrrj.br\/index.php?rest_route=%2Fwp%2Fv2%2Fcomments&post=164"}],"version-history":[{"count":4,"href":"https:\/\/humanismo.ufrrj.br\/index.php?rest_route=\/wp\/v2\/posts\/164\/revisions"}],"predecessor-version":[{"id":514,"href":"https:\/\/humanismo.ufrrj.br\/index.php?rest_route=\/wp\/v2\/posts\/164\/revisions\/514"}],"wp:featuredmedia":[{"embeddable":true,"href":"https:\/\/humanismo.ufrrj.br\/index.php?rest_route=\/wp\/v2\/media\/165"}],"wp:attachment":[{"href":"https:\/\/humanismo.ufrrj.br\/index.php?rest_route=%2Fwp%2Fv2%2Fmedia&parent=164"}],"wp:term":[{"taxonomy":"category","embeddable":true,"href":"https:\/\/humanismo.ufrrj.br\/index.php?rest_route=%2Fwp%2Fv2%2Fcategories&post=164"},{"taxonomy":"post_tag","embeddable":true,"href":"https:\/\/humanismo.ufrrj.br\/index.php?rest_route=%2Fwp%2Fv2%2Ftags&post=164"}],"curies":[{"name":"wp","href":"https:\/\/api.w.org\/{rel}","templated":true}]}}