{"id":153,"date":"2017-10-30T23:42:46","date_gmt":"2017-10-31T01:42:46","guid":{"rendered":"http:\/\/r1.ufrrj.br\/humanismo\/?p=153"},"modified":"2026-06-25T14:57:14","modified_gmt":"2026-06-25T17:57:14","slug":"seminario-5a-edicao","status":"publish","type":"post","link":"https:\/\/humanismo.ufrrj.br\/?p=153","title":{"rendered":"4\u00aa edi\u00e7\u00e3o"},"content":{"rendered":"<p>Semin\u00e1rio do Grupo de Pesquisas Humanismo \u2013 4\u00aa edi\u00e7\u00e3o<\/p>\n<p>Dia 30\/10\/2017, segunda-feira, 18h<\/p>\n<p>\u201cO cosmopolitismo de William Godwin\u201d<br \/>\nAur\u00e9lie Kn\u00fcfer (Universit\u00e9 de Montpellier 3)<\/p>\n<p>(A palestra ser\u00e1 proferida em franc\u00eas. A sua tradu\u00e7\u00e3o ser\u00e1 projetada e, para o debate, haver\u00e1 tradutor)<\/p>\n<p>Local: UFRRJ, Sal\u00e3o Azul, P1 \u2013 Campus Serop\u00e9dica<\/p>\n","protected":false},"excerpt":{"rendered":"<p>Semin\u00e1rio do Grupo de Pesquisas Humanismo \u2013 4\u00aa edi\u00e7\u00e3o Dia 30\/10\/2017, segunda-feira, 18h \u201cO cosmopolitismo de William Godwin\u201d Aur\u00e9lie Kn\u00fcfer (Universit\u00e9 de Montpellier 3) (A palestra ser\u00e1 proferida em franc\u00eas. A sua tradu\u00e7\u00e3o ser\u00e1 projetada e, para o debate, haver\u00e1 tradutor) Local: UFRRJ, Sal\u00e3o Azul,&nbsp;<a class=\"read-more\" href=\"https:\/\/humanismo.ufrrj.br\/?p=153\">&hellip;<\/a><\/p>\n","protected":false},"author":1,"featured_media":158,"comment_status":"open","ping_status":"open","sticky":false,"template":"","format":"standard","meta":{"footnotes":""},"categories":[1],"tags":[],"class_list":["post-153","post","type-post","status-publish","format-standard","has-post-thumbnail","hentry","category-sem-categoria"],"_links":{"self":[{"href":"https:\/\/humanismo.ufrrj.br\/index.php?rest_route=\/wp\/v2\/posts\/153","targetHints":{"allow":["GET"]}}],"collection":[{"href":"https:\/\/humanismo.ufrrj.br\/index.php?rest_route=\/wp\/v2\/posts"}],"about":[{"href":"https:\/\/humanismo.ufrrj.br\/index.php?rest_route=\/wp\/v2\/types\/post"}],"author":[{"embeddable":true,"href":"https:\/\/humanismo.ufrrj.br\/index.php?rest_route=\/wp\/v2\/users\/1"}],"replies":[{"embeddable":true,"href":"https:\/\/humanismo.ufrrj.br\/index.php?rest_route=%2Fwp%2Fv2%2Fcomments&post=153"}],"version-history":[{"count":3,"href":"https:\/\/humanismo.ufrrj.br\/index.php?rest_route=\/wp\/v2\/posts\/153\/revisions"}],"predecessor-version":[{"id":516,"href":"https:\/\/humanismo.ufrrj.br\/index.php?rest_route=\/wp\/v2\/posts\/153\/revisions\/516"}],"wp:featuredmedia":[{"embeddable":true,"href":"https:\/\/humanismo.ufrrj.br\/index.php?rest_route=\/wp\/v2\/media\/158"}],"wp:attachment":[{"href":"https:\/\/humanismo.ufrrj.br\/index.php?rest_route=%2Fwp%2Fv2%2Fmedia&parent=153"}],"wp:term":[{"taxonomy":"category","embeddable":true,"href":"https:\/\/humanismo.ufrrj.br\/index.php?rest_route=%2Fwp%2Fv2%2Fcategories&post=153"},{"taxonomy":"post_tag","embeddable":true,"href":"https:\/\/humanismo.ufrrj.br\/index.php?rest_route=%2Fwp%2Fv2%2Ftags&post=153"}],"curies":[{"name":"wp","href":"https:\/\/api.w.org\/{rel}","templated":true}]}}